{"id":987,"date":"2023-08-20T09:48:06","date_gmt":"2023-08-20T07:48:06","guid":{"rendered":"https:\/\/rentenhilfe-maack.de\/?p=987"},"modified":"2023-08-20T09:48:06","modified_gmt":"2023-08-20T07:48:06","slug":"wichtig-meldung-in-eigener-sache-wichtig","status":"publish","type":"post","link":"https:\/\/rentenhilfe-maack.de\/index.php\/2023\/08\/20\/wichtig-meldung-in-eigener-sache-wichtig\/","title":{"rendered":"WICHTIG !!! Meldung in eigener Sache WICHTIG!!!"},"content":{"rendered":"<h2>Sehr geehrte Versicherte,<br \/>\nSehr geehrter Versicherter,<\/h2>\n<h2>aus gegebenem Anlass sehe ich mich dazu gezwungen, mich mit der nachfolgenden Erkl\u00e4rung pers\u00f6nlich an Sie zu wenden.<\/h2>\n<h2><strong>Was ist geschehen?<\/strong><br \/>\nVor kurzem wurde ich durch eine Versicherte (der ich f\u00fcr diesen Hinweis sehr dankbar bin) darauf aufmerksam gemacht, dass ich angeblich bereits seit Monaten verstorben sein soll. Als ich dieses h\u00f6rte, muss ich gestehen, dass ich fassungslos \u00fcber diese Information gewesen bin!<\/h2>\n<h2>Ich habe dieser Versicherten erkl\u00e4rt, dass es sich hier nur um ein Ger\u00fccht bzw. um eine Falschinformation (vielleicht aufgrund einer eventuellen Namensgleichheit) handeln kann. Woher dieses Ger\u00fccht stammt konnte bislang nicht gekl\u00e4rt werden. Wahrscheinlich kann man es im Nachgang auch nicht mehr endg\u00fcltig kl\u00e4ren, wo der Ursprung dieses Ger\u00fcchts gewesen ist. Allerdings bleibt festzuhalten, dass sich dieses Ger\u00fccht (es wurde mir zwischenzeitlich von weiteren Versicherten dar\u00fcber berichtet) derzeit noch immer weiter verbreitet.<br \/>\nIch muss ganz ehrlich eingestehen das mich dieser Umstand mittlerweile so massiv \u00e4rgert, dass ich mich heute dazu gezwungen sehe diese Gegendarstellung zu ver\u00f6ffentlichen. Eine Todesnachricht ist kein Spa\u00df und schon gar kein Scherz, und ein solches Ger\u00fccht kann im schlimmsten Fall auch ernsthafte Konsequenzen haben.<\/h2>\n<h2>Nach wie vor bin ich ehrenamtlich als Versichertenberater der Deutschen Rentenversicherung Bund t\u00e4tig. Ich \u00fcbe dieses Ehrenamt mit sehr gro\u00dfer Freude und sehr leidenschaftlich aus. Im Interesse aller VersichertenD habe ich mir sehr viel Fachwissen angeeignet, welches ich gerne zum Wohle der Versicherten einsetze und anwende. Bei dieser Arbeit ist ein solches Ger\u00fccht nur st\u00f6rend. Au\u00dferdem kostet mich das besch\u00e4ftigen und das auseinandersetzen mit diesem Ger\u00fccht sehr viel Kraft, Zeit und Energie, die ich lieber zum Wohle der vielen Versicherten die meine Hilfe in Anspruch nehmen m\u00f6chten einsetzen m\u00f6chte.<\/h2>\n<h2>Meine BITTE an die Person oder die Personen die dieses Ger\u00fccht in die Welt gesetzt haben oder es weiterhin verbreiten, h\u00f6ren Sie bitte damit auf, denn ich bin noch am Leben und beabsichtige auch nicht diesen Zustand zu \u00e4ndern. Vielleicht ist Ihnen ja gar nicht bewusst, was Sie mit einem solchen Ger\u00fccht alles anrichten k\u00f6nnen.<\/h2>\n<h2>Bitte h\u00f6ren Sie einfach damit auf, dieses GER\u00dcCHT weiterhin zu verbreiten!!!<\/h2>\n<h2>Vielen Dank f\u00fcr Ihre Aufmerksamkeit<\/h2>\n<h2>herzlichst Ihr<\/h2>\n<h2>J\u00fcrgen Maack<\/h2>\n<h2>ehrenamtlicher Versichertenberater<\/h2>\n<h2>der Deutschen Rentenversicherung Bund Berlin<\/h2>\n","protected":false},"excerpt":{"rendered":"<p>Sehr geehrte Versicherte, Sehr geehrter Versicherter, aus gegebenem Anlass sehe ich mich dazu gezwungen, mich mit der nachfolgenden Erkl\u00e4rung pers\u00f6nlich an Sie zu wenden. Was ist geschehen? Vor kurzem wurde ich durch eine Versicherte (der ich f\u00fcr diesen Hinweis sehr dankbar bin) darauf aufmerksam gemacht, dass ich angeblich bereits seit Monaten verstorben sein soll. Als [&hellip;]<\/p>\n","protected":false},"author":2,"featured_media":0,"comment_status":"closed","ping_status":"closed","sticky":false,"template":"","format":"standard","meta":{"footnotes":""},"categories":[1],"tags":[],"class_list":["post-987","post","type-post","status-publish","format-standard","hentry","category-uncategorized"],"_links":{"self":[{"href":"https:\/\/rentenhilfe-maack.de\/index.php\/wp-json\/wp\/v2\/posts\/987","targetHints":{"allow":["GET"]}}],"collection":[{"href":"https:\/\/rentenhilfe-maack.de\/index.php\/wp-json\/wp\/v2\/posts"}],"about":[{"href":"https:\/\/rentenhilfe-maack.de\/index.php\/wp-json\/wp\/v2\/types\/post"}],"author":[{"embeddable":true,"href":"https:\/\/rentenhilfe-maack.de\/index.php\/wp-json\/wp\/v2\/users\/2"}],"replies":[{"embeddable":true,"href":"https:\/\/rentenhilfe-maack.de\/index.php\/wp-json\/wp\/v2\/comments?post=987"}],"version-history":[{"count":2,"href":"https:\/\/rentenhilfe-maack.de\/index.php\/wp-json\/wp\/v2\/posts\/987\/revisions"}],"predecessor-version":[{"id":989,"href":"https:\/\/rentenhilfe-maack.de\/index.php\/wp-json\/wp\/v2\/posts\/987\/revisions\/989"}],"wp:attachment":[{"href":"https:\/\/rentenhilfe-maack.de\/index.php\/wp-json\/wp\/v2\/media?parent=987"}],"wp:term":[{"taxonomy":"category","embeddable":true,"href":"https:\/\/rentenhilfe-maack.de\/index.php\/wp-json\/wp\/v2\/categories?post=987"},{"taxonomy":"post_tag","embeddable":true,"href":"https:\/\/rentenhilfe-maack.de\/index.php\/wp-json\/wp\/v2\/tags?post=987"}],"curies":[{"name":"wp","href":"https:\/\/api.w.org\/{rel}","templated":true}]}}