{"id":954,"date":"2023-05-21T08:31:43","date_gmt":"2023-05-21T06:31:43","guid":{"rendered":"https:\/\/rentenhilfe-maack.de\/?p=954"},"modified":"2023-05-21T08:31:43","modified_gmt":"2023-05-21T06:31:43","slug":"endspurt-zur-sozialwahl-2023","status":"publish","type":"post","link":"https:\/\/rentenhilfe-maack.de\/index.php\/2023\/05\/21\/endspurt-zur-sozialwahl-2023\/","title":{"rendered":"Endspurt zur Sozialwahl 2023"},"content":{"rendered":"<h4 style=\"text-align: left;\">Auf dem Tag der Selbstverwaltung im Mai, veranstaltet von der ver.di Dienstleistungsgewerkschaft, sprach der Bundeswahlbeauftragte f\u00fcr die Sozialwahlen Herr Peter Wei\u00df zu den anwesenden Selbstverwalterinnen und Selbstverwaltern zum Thema Sozialwahlen 2023. In einer sehr engagierten rief er die anwesenden auf, f\u00fcr die diesj\u00e4hrigen Sozialwahlen zu werben. Die Selbstverwalter*innen sorgen daf\u00fcr, dass das Renten- und das Gesundheitssystem in diesem Land gut und stabil funktioniert. Wahlberechtigt sind bei der diesj\u00e4hrigen Sozialwahl \u00fcber 52 Millionen Beitragszahlende sowie Rentnerinnen und Rentner aus der Deutschen Rentenversicherung Bund sowie aus den Ersatzkassen TK, Barmer, DAK &#8211; Gesundheit, KKH und der HKK. Diese Wahlberechtigten sollten bis zum 20.05.2023 die Wahlunterlagen per Post erhalten haben. Die Unterlagen bzw. Stimmzettel m\u00fcssen dann bis zum 31.05.2023 wieder bei der Deutschen Rentenversicherung Bund eingegangen sein. Die Mitglieder der Ersatzkassen k\u00f6nnen ihre Stimme im Rahmen eines Modellprojektes erstmals auch online abgeben. Wie die digitale Stimmabgabe funktioniert wird in den zugesandten Wahlunterlagen genau beschrieben.<\/h4>\n<h4 style=\"text-align: left;\">F\u00fcr die Versicherten ist es besonders wichtig zu Wissen, dass die Selbstverwalterinnen und Selbstverwalter die Interessen der Versicherte in der Rente und der Gesundheit vertreten. Daher ist die Sozialwahl so enorm Wichtig. Die Selbstverwalter in der Rentenversicherung werden als ehrenamtliche Versichertenberater*innen\u00a0 und als ehrenamtliche Mitglieder der Widerspruchsaussch\u00fcsse eingesetzt. Auch in der Krankenkasse werden die Selbstverwalter*innen zum Beispiel als Mitglieder in den Widerspruchsaussch\u00fcssen\u00a0 ernannt.<\/h4>\n<h4 style=\"text-align: left;\">Nutzen Sie liebe Versicherte daher unbedingt Ihr Wahlrecht, denn so k\u00f6nnen Sie aktiv die Belange in der Rentenversicherung und in den Krankenkasse mitbestimmen .<\/h4>\n<p>&nbsp;<\/p>\n","protected":false},"excerpt":{"rendered":"<p>Auf dem Tag der Selbstverwaltung im Mai, veranstaltet von der ver.di Dienstleistungsgewerkschaft, sprach der Bundeswahlbeauftragte f\u00fcr die Sozialwahlen Herr Peter Wei\u00df zu den anwesenden Selbstverwalterinnen und Selbstverwaltern zum Thema Sozialwahlen 2023. In einer sehr engagierten rief er die anwesenden auf, f\u00fcr die diesj\u00e4hrigen Sozialwahlen zu werben. Die Selbstverwalter*innen sorgen daf\u00fcr, dass das Renten- und das [&hellip;]<\/p>\n","protected":false},"author":2,"featured_media":962,"comment_status":"closed","ping_status":"closed","sticky":false,"template":"","format":"standard","meta":{"footnotes":""},"categories":[1],"tags":[],"class_list":["post-954","post","type-post","status-publish","format-standard","has-post-thumbnail","hentry","category-uncategorized"],"_links":{"self":[{"href":"https:\/\/rentenhilfe-maack.de\/index.php\/wp-json\/wp\/v2\/posts\/954","targetHints":{"allow":["GET"]}}],"collection":[{"href":"https:\/\/rentenhilfe-maack.de\/index.php\/wp-json\/wp\/v2\/posts"}],"about":[{"href":"https:\/\/rentenhilfe-maack.de\/index.php\/wp-json\/wp\/v2\/types\/post"}],"author":[{"embeddable":true,"href":"https:\/\/rentenhilfe-maack.de\/index.php\/wp-json\/wp\/v2\/users\/2"}],"replies":[{"embeddable":true,"href":"https:\/\/rentenhilfe-maack.de\/index.php\/wp-json\/wp\/v2\/comments?post=954"}],"version-history":[{"count":6,"href":"https:\/\/rentenhilfe-maack.de\/index.php\/wp-json\/wp\/v2\/posts\/954\/revisions"}],"predecessor-version":[{"id":964,"href":"https:\/\/rentenhilfe-maack.de\/index.php\/wp-json\/wp\/v2\/posts\/954\/revisions\/964"}],"wp:featuredmedia":[{"embeddable":true,"href":"https:\/\/rentenhilfe-maack.de\/index.php\/wp-json\/wp\/v2\/media\/962"}],"wp:attachment":[{"href":"https:\/\/rentenhilfe-maack.de\/index.php\/wp-json\/wp\/v2\/media?parent=954"}],"wp:term":[{"taxonomy":"category","embeddable":true,"href":"https:\/\/rentenhilfe-maack.de\/index.php\/wp-json\/wp\/v2\/categories?post=954"},{"taxonomy":"post_tag","embeddable":true,"href":"https:\/\/rentenhilfe-maack.de\/index.php\/wp-json\/wp\/v2\/tags?post=954"}],"curies":[{"name":"wp","href":"https:\/\/api.w.org\/{rel}","templated":true}]}}