{"id":830,"date":"2023-02-23T07:22:53","date_gmt":"2023-02-23T07:22:53","guid":{"rendered":"https:\/\/rentenhilfe-maack.de\/?p=830"},"modified":"2023-02-23T07:22:53","modified_gmt":"2023-02-23T07:22:53","slug":"hinweis-auf-sozialwahl-2023","status":"publish","type":"post","link":"https:\/\/rentenhilfe-maack.de\/index.php\/2023\/02\/23\/hinweis-auf-sozialwahl-2023\/","title":{"rendered":"Hinweis auf Sozialwahl 2023"},"content":{"rendered":"<p>PRESSEMITTEILUNG:<\/p>\n<p>Es ist wieder soweit! Sozialwahl alle 6 Jahre!<\/p>\n<p>Die Deutsche Rentenversicherung Bund ruft in diesem Jahr wieder \u00fcber 30 Millionen Versicherte und Rentner\/innen zur Sozialwahl auf. Daf\u00fcr werden bereits Informationsschreiben versandt. Alle Wahlberechtigten, also vielleicht auch Sie, bestimmen mit, wer im \u201eParlament der Versicherten\u201c, also der Selbstverwaltung der DRV Bund, ihre Interessen vertritt und wer als Versicherten\u00e4lteste bzw. Versichertenberater\/in f\u00fcr die n\u00e4chsten 6 Jahre berufen wird.<\/p>\n<p>Die ehrenamtlichen Versichertenberater der Deutschen Rentenversicherung (DRV) J\u00fcrgen Maack in Rosengarten \/ Klecken (04105 \/ 6669091) und Ulrich de Planque in Seevetal (040 \/ 7681326) stehen bereits seit Jahren allen Hilfesuchenden in Rentenfragen mit Rat und Tat zur Seite. Sie beraten zu allen Fragen der gesetzlichen Rentenversicherung, helfen allen Versicherten der DRV beim Ausf\u00fcllen von Rentenantr\u00e4gen und unterst\u00fctzen sie bei der Kl\u00e4rung des Versicherungsverlaufs (Kontenkl\u00e4rung).<\/p>\n<p>Beide haben ihr Ehrenamt \u00fcber die Vereinte Dienstleistungsgewerkschaft ver.di bekommen und m\u00f6chten es auch weiterhin mit gro\u00dfer Freude und Engagement aus\u00fcben. Deshalb bitten sie alle Wahlberechtigten, sich an der Wahl zu beteiligen und f\u00fcr die LISTE 2 ver.di zu stimmen.<\/p>\n<p>Ende April kommen die Briefwahlunterlagen. Die Stimmzettel m\u00fcssen bis zum 31. Mai 2023 bei der DRV Bund eingegangen sein.<\/p>\n<p>W\u00e4hlt LISTE 2- Vereinte Dienstleistungsgewerkschaft ver.di!<\/p>\n<p>Wenn Sie Kontakt zu J\u00fcrgen Maack, Ulrich de Planque oder einem\/einer anderen Versicherungs\u00e4lteste bzw. Versichertenberater\/in in Ihrer N\u00e4he aufnehmen wollen, schauen Sie gerne auf die Webseite www.arbeitsmarkt-und-sozialpolitik.verdi.de\/service\/versichertenberatung.<\/p>\n","protected":false},"excerpt":{"rendered":"<p>PRESSEMITTEILUNG: Es ist wieder soweit! Sozialwahl alle 6 Jahre! Die Deutsche Rentenversicherung Bund ruft in diesem Jahr wieder \u00fcber 30 Millionen Versicherte und Rentner\/innen zur Sozialwahl auf. Daf\u00fcr werden bereits Informationsschreiben versandt. Alle Wahlberechtigten, also vielleicht auch Sie, bestimmen mit, wer im \u201eParlament der Versicherten\u201c, also der Selbstverwaltung der DRV Bund, ihre Interessen vertritt und [&hellip;]<\/p>\n","protected":false},"author":2,"featured_media":0,"comment_status":"closed","ping_status":"closed","sticky":false,"template":"","format":"standard","meta":{"footnotes":""},"categories":[1],"tags":[],"class_list":["post-830","post","type-post","status-publish","format-standard","hentry","category-uncategorized"],"_links":{"self":[{"href":"https:\/\/rentenhilfe-maack.de\/index.php\/wp-json\/wp\/v2\/posts\/830","targetHints":{"allow":["GET"]}}],"collection":[{"href":"https:\/\/rentenhilfe-maack.de\/index.php\/wp-json\/wp\/v2\/posts"}],"about":[{"href":"https:\/\/rentenhilfe-maack.de\/index.php\/wp-json\/wp\/v2\/types\/post"}],"author":[{"embeddable":true,"href":"https:\/\/rentenhilfe-maack.de\/index.php\/wp-json\/wp\/v2\/users\/2"}],"replies":[{"embeddable":true,"href":"https:\/\/rentenhilfe-maack.de\/index.php\/wp-json\/wp\/v2\/comments?post=830"}],"version-history":[{"count":1,"href":"https:\/\/rentenhilfe-maack.de\/index.php\/wp-json\/wp\/v2\/posts\/830\/revisions"}],"predecessor-version":[{"id":831,"href":"https:\/\/rentenhilfe-maack.de\/index.php\/wp-json\/wp\/v2\/posts\/830\/revisions\/831"}],"wp:attachment":[{"href":"https:\/\/rentenhilfe-maack.de\/index.php\/wp-json\/wp\/v2\/media?parent=830"}],"wp:term":[{"taxonomy":"category","embeddable":true,"href":"https:\/\/rentenhilfe-maack.de\/index.php\/wp-json\/wp\/v2\/categories?post=830"},{"taxonomy":"post_tag","embeddable":true,"href":"https:\/\/rentenhilfe-maack.de\/index.php\/wp-json\/wp\/v2\/tags?post=830"}],"curies":[{"name":"wp","href":"https:\/\/api.w.org\/{rel}","templated":true}]}}